{"id":64751,"date":"2025-02-05T10:31:30","date_gmt":"2025-02-05T15:31:30","guid":{"rendered":"https:\/\/www.easternmennonite.org\/?p=64751"},"modified":"2025-02-17T13:03:22","modified_gmt":"2025-02-17T18:03:22","slug":"black-history-month-at-emes","status":"publish","type":"post","link":"https:\/\/www.easternmennonite.org\/es\/2025\/02\/black-history-month-at-emes\/","title":{"rendered":"Mes de la Historia Afroamericana en EMES"},"content":{"rendered":"<p><span style=\"font-weight: 400;\">Maria Archer, directora de EMES, nos inspira a todos con su dedicaci\u00f3n a la equidad. En un mundo donde la construcci\u00f3n de la paz y el compromiso con la justicia restaurativa a menudo pueden parecer un desaf\u00edo, EMES se ha mantenido firme en su misi\u00f3n de encarnar, ense\u00f1ar y promover pr\u00e1cticas que generen paz. Este esfuerzo incluye participar activamente en nuestro plan de estudios para crear un entorno m\u00e1s acogedor, informado y amoroso para nuestro personal docente, administrativo y estudiantil. Como ver\u00e1 en su mensaje a continuaci\u00f3n, este no es simplemente un acto performativo dise\u00f1ado para la satisfacci\u00f3n en las redes sociales o para marcar una casilla. En cambio, representa un viaje continuo y ganado con esfuerzo a trav\u00e9s del conflicto que nos lleva hacia una comunidad m\u00e1s segura y hermosa. Continuamos este trabajo, reconociendo nuestras imperfecciones, pero unidos en el amor.\u00a0<\/span><\/p>\n<p><span style=\"font-weight: 400;\">Lea las sinceras palabras de Mar\u00eda aqu\u00ed:<\/span><\/p>\n<p><span style=\"font-weight: 400;\">Como saben, febrero es el Mes de la Historia Negra. Desde 2005, cuando comenz\u00f3 EMES, nosotros como profesores y personal hemos tratado de honrar este mes centr\u00e1ndonos en las personas de color en nuestro estudio de la historia, en nuestra elecci\u00f3n de literatura que leemos (ver ejemplos de la clase de primer grado de Hannah Bailey a continuaci\u00f3n), en la forma en que examinamos las formas en que nuestra sociedad ha tratado a las personas de manera injusta y las formas en que los h\u00e9roes negros y latinos han contribuido a nuestras comunidades. Reconocemos que no siempre lo hemos hecho bien como escuela, pero estamos comprometidos a continuar con este importante trabajo.<\/span><\/p>\n<p><span style=\"font-weight: 400;\">Tambi\u00e9n reconocemos que el Mes de la Historia Negra no puede ser el \u00fanico momento en el que nos centremos en estas cosas, debe estar entretejido en las formas en que ense\u00f1amos... La historia negra y latina es la historia estadounidense. \u201cEl Mes de la Historia Negra debe reconocerse como una oportunidad crucial para ampliar el conocimiento de los estudiantes y ayudarlos a ver c\u00f3mo el pasado se conecta con sus vidas actuales y c\u00f3mo ha inspirado movimientos para el cambio\u201d. (Why we need Black History Month, Dillard, 2019)<\/span><\/p>\n<p><span style=\"font-weight: 400;\">Practicar la empat\u00eda, el cuidado y defender lo que es correcto son partes de nuestro plan de estudios en EMES. Seguimos aprendiendo las mejores formas de hacerlo con nuestros estudiantes y entre nosotros, como profesores y personal. Planeamos continuar con este aprendizaje y educaci\u00f3n mucho m\u00e1s all\u00e1 de febrero, mientras nos enfocamos en c\u00f3mo queremos vivir unos con otros en la escuela, en nuestras comunidades y en el mundo, y c\u00f3mo nosotros, desde los m\u00e1s j\u00f3venes hasta los m\u00e1s mayores, tambi\u00e9n podemos ser agentes de cambio.<\/span><\/p>\n<div id=\"attachment_64754\" style=\"width: 1034px\" class=\"wp-caption aligncenter\"><img loading=\"lazy\" decoding=\"async\" aria-describedby=\"caption-attachment-64754\" class=\"wp-image-64754 size-large\" src=\"https:\/\/www.easternmennonite.org\/wp-content\/uploads\/2025\/02\/Screenshot-2025-02-05-at-9.48.12\u202fAM-1024x576.png\" alt=\"\" width=\"1024\" height=\"576\" srcset=\"https:\/\/www.easternmennonite.org\/wp-content\/uploads\/2025\/02\/Screenshot-2025-02-05-at-9.48.12\u202fAM-1024x576.png 1024w, https:\/\/www.easternmennonite.org\/wp-content\/uploads\/2025\/02\/Screenshot-2025-02-05-at-9.48.12\u202fAM-300x169.png 300w, https:\/\/www.easternmennonite.org\/wp-content\/uploads\/2025\/02\/Screenshot-2025-02-05-at-9.48.12\u202fAM-768x432.png 768w, https:\/\/www.easternmennonite.org\/wp-content\/uploads\/2025\/02\/Screenshot-2025-02-05-at-9.48.12\u202fAM-1536x864.png 1536w, https:\/\/www.easternmennonite.org\/wp-content\/uploads\/2025\/02\/Screenshot-2025-02-05-at-9.48.12\u202fAM-18x10.png 18w, https:\/\/www.easternmennonite.org\/wp-content\/uploads\/2025\/02\/Screenshot-2025-02-05-at-9.48.12\u202fAM-89x50.png 89w, https:\/\/www.easternmennonite.org\/wp-content\/uploads\/2025\/02\/Screenshot-2025-02-05-at-9.48.12\u202fAM.png 1906w\" sizes=\"auto, (max-width: 1024px) 100vw, 1024px\" \/><p id=\"caption-attachment-64754\" class=\"wp-caption-text\">Hannah Bailey, maestra de primer grado, comparte diapositivas de su presentaci\u00f3n semanal con los padres.<\/p><\/div>\n<div id=\"attachment_64755\" style=\"width: 1034px\" class=\"wp-caption aligncenter\"><img loading=\"lazy\" decoding=\"async\" aria-describedby=\"caption-attachment-64755\" class=\"wp-image-64755 size-large\" src=\"https:\/\/www.easternmennonite.org\/wp-content\/uploads\/2025\/02\/Screenshot-2025-02-05-at-9.48.00\u202fAM-1024x580.png\" alt=\"\" width=\"1024\" height=\"580\" srcset=\"https:\/\/www.easternmennonite.org\/wp-content\/uploads\/2025\/02\/Screenshot-2025-02-05-at-9.48.00\u202fAM-1024x580.png 1024w, https:\/\/www.easternmennonite.org\/wp-content\/uploads\/2025\/02\/Screenshot-2025-02-05-at-9.48.00\u202fAM-300x170.png 300w, https:\/\/www.easternmennonite.org\/wp-content\/uploads\/2025\/02\/Screenshot-2025-02-05-at-9.48.00\u202fAM-768x435.png 768w, https:\/\/www.easternmennonite.org\/wp-content\/uploads\/2025\/02\/Screenshot-2025-02-05-at-9.48.00\u202fAM-1536x870.png 1536w, https:\/\/www.easternmennonite.org\/wp-content\/uploads\/2025\/02\/Screenshot-2025-02-05-at-9.48.00\u202fAM-18x10.png 18w, https:\/\/www.easternmennonite.org\/wp-content\/uploads\/2025\/02\/Screenshot-2025-02-05-at-9.48.00\u202fAM-88x50.png 88w, https:\/\/www.easternmennonite.org\/wp-content\/uploads\/2025\/02\/Screenshot-2025-02-05-at-9.48.00\u202fAM.png 1904w\" sizes=\"auto, (max-width: 1024px) 100vw, 1024px\" \/><p id=\"caption-attachment-64755\" class=\"wp-caption-text\">Hannah comparte estos ejemplos para que los padres tengan un marco para tener buenas conversaciones con sus estudiantes de primer grado.<\/p><\/div>","protected":false},"excerpt":{"rendered":"<p>Maria Archer, directora de EMES, nos inspira a todos con su dedicaci\u00f3n a la equidad. En un mundo donde la b\u00fasqueda de la paz y el compromiso con la justicia restaurativa a menudo pueden resultar un desaf\u00edo, EMES se ha mantenido firme en su misi\u00f3n de incorporar, ense\u00f1ar y promover pr\u00e1cticas que generen paz. Este esfuerzo incluye participar activamente en nuestro plan de estudios para crear un mundo m\u00e1s\u2026<\/p>","protected":false},"author":30,"featured_media":64810,"comment_status":"open","ping_status":"closed","sticky":false,"template":"","format":"standard","meta":{"_acf_changed":false,"footnotes":""},"categories":[1],"tags":[],"class_list":["post-64751","post","type-post","status-publish","format-standard","has-post-thumbnail","hentry","category-uncategorized"],"acf":[],"_links":{"self":[{"href":"https:\/\/www.easternmennonite.org\/es\/wp-json\/wp\/v2\/posts\/64751","targetHints":{"allow":["GET"]}}],"collection":[{"href":"https:\/\/www.easternmennonite.org\/es\/wp-json\/wp\/v2\/posts"}],"about":[{"href":"https:\/\/www.easternmennonite.org\/es\/wp-json\/wp\/v2\/types\/post"}],"author":[{"embeddable":true,"href":"https:\/\/www.easternmennonite.org\/es\/wp-json\/wp\/v2\/users\/30"}],"replies":[{"embeddable":true,"href":"https:\/\/www.easternmennonite.org\/es\/wp-json\/wp\/v2\/comments?post=64751"}],"version-history":[{"count":0,"href":"https:\/\/www.easternmennonite.org\/es\/wp-json\/wp\/v2\/posts\/64751\/revisions"}],"wp:featuredmedia":[{"embeddable":true,"href":"https:\/\/www.easternmennonite.org\/es\/wp-json\/wp\/v2\/media\/64810"}],"wp:attachment":[{"href":"https:\/\/www.easternmennonite.org\/es\/wp-json\/wp\/v2\/media?parent=64751"}],"wp:term":[{"taxonomy":"category","embeddable":true,"href":"https:\/\/www.easternmennonite.org\/es\/wp-json\/wp\/v2\/categories?post=64751"},{"taxonomy":"post_tag","embeddable":true,"href":"https:\/\/www.easternmennonite.org\/es\/wp-json\/wp\/v2\/tags?post=64751"}],"curies":[{"name":"gracias","href":"https:\/\/api.w.org\/{rel}","templated":true}]}}